{"id":1552,"date":"2025-02-13T10:15:48","date_gmt":"2025-02-13T07:15:48","guid":{"rendered":"https:\/\/pelsan.com.tr\/blog\/?p=1552"},"modified":"2025-12-29T11:25:32","modified_gmt":"2025-12-29T08:25:32","slug":"siva-ustu-downlight-nedir-ozellikleri-nelerdir","status":"publish","type":"post","link":"https:\/\/pelsan.com.tr\/blog\/siva-ustu-downlight-nedir-ozellikleri-nelerdir\/","title":{"rendered":"S\u0131va \u00dcst\u00fc Downlight Nedir?"},"content":{"rendered":"\n<p>Ayd\u0131nlatma sistemlerinde modern ve estetik \u00e7\u00f6z\u00fcmler ar\u0131yorsan\u0131z, <strong><a href=\"https:\/\/pelsan.com.tr\/siva-ustu-ofis-armaturleri\" data-internallinksmanager029f6b8e52c=\"4\" title=\"s\u0131va \u00fcst\u00fc led\">s\u0131va \u00fcst\u00fc<\/a> <a href=\"https:\/\/pelsan.com.tr\/downlight-armaturler\" data-internallinksmanager029f6b8e52c=\"5\" title=\"downlight\">downlight<\/a><\/strong> \u00fcr\u00fcnleri dikkatinizi \u00e7ekebilir. Peki, <strong>s\u0131va \u00fcst\u00fc downlight nedir<\/strong>? Bu \u00fcr\u00fcnler, al\u00e7\u0131pan veya tavan montaj\u0131 yap\u0131lmadan, do\u011frudan tavan y\u00fczeyine monte edilen ayd\u0131nlatma armat\u00fcrleridir. Pratik kurulumu ve geni\u015f kullan\u0131m alan\u0131yla, hem evlerde hem de ticari mekanlarda tercih edilen pop\u00fcler bir i\u00e7 ve <a href=\"https:\/\/pelsan.com.tr\/dis-mekan-aydinlatma-armaturleri\" data-internallinksmanager029f6b8e52c=\"18\" title=\"d\u0131\u015f mekan\">d\u0131\u015f mekan ayd\u0131nlatma<\/a> se\u00e7ene\u011fidir.<\/p>\n\n\n\n<h2 class=\"wp-block-heading\"><strong>S\u0131va \u00dcst\u00fc Downlight \u00d6zellikleri Nelerdir?<\/strong><\/h2>\n\n\n\n<p><strong>S\u0131va \u00fcst\u00fc downlight \u00f6zellikleri<\/strong>, bu \u00fcr\u00fcnleri farkl\u0131 k\u0131lan ba\u015fl\u0131ca detaylar\u0131 i\u00e7erir. \u0130\u015fte bu ayd\u0131nlatma \u00fcr\u00fcnlerinin \u00f6ne \u00e7\u0131kan \u00f6zellikleri:<\/p>\n\n\n\n<ol class=\"wp-block-list\">\n<li><strong>Kolay Montaj:<\/strong>\n<ul class=\"wp-block-list\">\n<li>Tavana al\u00e7\u0131pan uygulamas\u0131 yapmadan kullan\u0131labilir, bu nedenle kurulum s\u00fcreci olduk\u00e7a h\u0131zl\u0131d\u0131r.<\/li>\n<\/ul>\n<\/li>\n\n\n\n<li><strong>\u015e\u0131k ve Modern Tasar\u0131m:<\/strong>\n<ul class=\"wp-block-list\">\n<li>Minimalist yap\u0131s\u0131 sayesinde her dekorasyon tarz\u0131na uyum sa\u011flar.<\/li>\n<\/ul>\n<\/li>\n\n\n\n<li><strong>Enerji Verimlili\u011fi:<\/strong>\n<ul class=\"wp-block-list\">\n<li>\u00c7o\u011funlukla <a href=\"https:\/\/pelsan.com.tr\/blog\/led-nedir-led-nasil-calisir\/\">LED teknolojisi<\/a> kullan\u0131larak \u00fcretilen bu \u00fcr\u00fcnler, enerji tasarrufu sa\u011flar.<\/li>\n<\/ul>\n<\/li>\n\n\n\n<li><strong>Uzun \u00d6m\u00fcrl\u00fc Yap\u0131:<\/strong>\n<ul class=\"wp-block-list\">\n<li>Kaliteli malzemelerden \u00fcretilen <a href=\"https:\/\/pelsan.com.tr\/downlight-armaturler\">downlight armat\u00fcrler<\/a>, uzun y\u0131llar boyunca dayan\u0131kl\u0131l\u0131\u011f\u0131n\u0131 korur.<\/li>\n<\/ul>\n<\/li>\n\n\n\n<li><strong>Farkl\u0131 Renk ve I\u015f\u0131k Se\u00e7enekleri:<\/strong>\n<ul class=\"wp-block-list\">\n<li>\u0130htiyaca g\u00f6re s\u0131cak beyaz, g\u00fcn \u0131\u015f\u0131\u011f\u0131 ya da so\u011fuk beyaz \u0131\u015f\u0131k renklerinde tercih edilebilir.<\/li>\n<\/ul>\n<\/li>\n\n\n\n<li><strong>\u00c7e\u015fitli Boyut ve G\u00fc\u00e7 Se\u00e7enekleri:<\/strong>\n<ul class=\"wp-block-list\">\n<li>Kullan\u0131lacak alan\u0131n ihtiya\u00e7lar\u0131na g\u00f6re farkl\u0131 ebat ve watt de\u011ferleri mevcuttur.<\/li>\n<\/ul>\n<\/li>\n<\/ol>\n\n\n\n<h2 class=\"wp-block-heading\"><strong>Neden S\u0131va \u00dcst\u00fc Downlight Kullanmal\u0131s\u0131n\u0131z?<\/strong><\/h2>\n\n\n\n<p>Bu ayd\u0131nlatma \u00fcr\u00fcnlerini tercih etmek i\u00e7in bir\u00e7ok neden s\u0131ralanabilir. \u0130\u015fte s\u0131va \u00fcst\u00fc <a href=\"https:\/\/pelsan.com.tr\/downlight-armaturler\">downlight<\/a> kullan\u0131m\u0131 tercih edilme sebepleri:<\/p>\n\n\n\n<ol class=\"wp-block-list\">\n<li><strong>Enerji Tasarrufu:<\/strong>\n<ul class=\"wp-block-list\">\n<li>LED teknolojisi sayesinde hem enerji t\u00fcketimini azalt\u0131r hem de \u00e7evre dostudur.<\/li>\n<\/ul>\n<\/li>\n\n\n\n<li><strong>Estetik Katk\u0131:<\/strong>\n<ul class=\"wp-block-list\">\n<li>Tavanda \u015f\u0131k bir g\u00f6r\u00fcn\u00fcm olu\u015fturur ve mekana modern bir hava katar.<\/li>\n<\/ul>\n<\/li>\n\n\n\n<li><strong>\u00c7ok Y\u00f6nl\u00fc Kullan\u0131m:<\/strong>\n<ul class=\"wp-block-list\">\n<li>Hem <a href=\"https:\/\/pelsan.com.tr\/ic-mekan-aydinlatma-armaturleri\" data-type=\"link\" data-id=\"https:\/\/pelsan.com.tr\/ic-mekan-aydinlatma-armaturleri\">i\u00e7 mekan ayd\u0131nlatma<\/a> hem de d\u0131\u015f mekan ayd\u0131nlatma i\u00e7in uygun modeller mevcuttur.<\/li>\n<\/ul>\n<\/li>\n\n\n\n<li><strong>Kolay Bak\u0131m:<\/strong>\n<ul class=\"wp-block-list\">\n<li>Montaj\u0131 ve temizli\u011fi kolayd\u0131r, bu da kullan\u0131m \u00f6mr\u00fc boyunca b\u00fcy\u00fck bir avantaj sa\u011flar.<\/li>\n<\/ul>\n<\/li>\n\n\n\n<li><strong>Fiyat-Performans Dengesi:<\/strong>\n<ul class=\"wp-block-list\">\n<li>Uzun vadede enerji tasarrufu ve dayan\u0131kl\u0131l\u0131\u011f\u0131yla b\u00fct\u00e7e dostu bir se\u00e7enektir.<\/li>\n<\/ul>\n<\/li>\n<\/ol>\n\n\n\n<h2 class=\"wp-block-heading\"><strong>S\u0131va \u00dcst\u00fc Downlight Kullan\u0131m Alanlar\u0131<\/strong><\/h2>\n\n\n\n<p><strong>S\u0131va \u00fcst\u00fc downlight kullan\u0131m\u0131<\/strong>, geni\u015f bir alana hitap eder ve farkl\u0131 ortamlarda kullan\u0131labilir. \u0130\u015fte bu ayd\u0131nlatma \u00fcr\u00fcnlerinin s\u0131k\u00e7a tercih edildi\u011fi alanlar:<\/p>\n\n\n\n<ol class=\"wp-block-list\">\n<li><strong>Ev Kullan\u0131m\u0131:<\/strong>\n<ul class=\"wp-block-list\">\n<li>Oturma odas\u0131, mutfak, yatak odas\u0131 gibi alanlarda hem dekoratif hem de fonksiyonel bir ayd\u0131nlatma sa\u011flar.<\/li>\n<\/ul>\n<\/li>\n\n\n\n<li><strong>Ticari Alanlar:<\/strong>\n<ul class=\"wp-block-list\">\n<li>Ofisler, ma\u011fazalar, oteller ve restoranlar gibi mekanlarda profesyonel bir ayd\u0131nlatma sunar.<\/li>\n<\/ul>\n<\/li>\n\n\n\n<li><strong>D\u0131\u015f Mekanlar:<\/strong>\n<ul class=\"wp-block-list\">\n<li>\u00d6zellikle giri\u015f alanlar\u0131, balkonlar ve teraslar gibi d\u0131\u015f mekan ayd\u0131nlatma ihtiya\u00e7lar\u0131 i\u00e7in ideal bir \u00e7\u00f6z\u00fcmd\u00fcr.<\/li>\n<\/ul>\n<\/li>\n\n\n\n<li><strong><a href=\"https:\/\/pelsan.com.tr\/endustriyel-armaturler\" data-internallinksmanager029f6b8e52c=\"13\" title=\"end\u00fcstriyel\">End\u00fcstriyel<\/a> Alanlar:<\/strong>\n<ul class=\"wp-block-list\">\n<li>Fabrika, depo ve \u00fcretim tesislerinde pratik bir ayd\u0131nlatma sistemi olarak kullan\u0131labilir.<\/li>\n<\/ul>\n<\/li>\n<\/ol>\n\n\n\n<p>Sonu\u00e7 olarak, <strong>s\u0131va \u00fcst\u00fc downlight<\/strong> \u00fcr\u00fcnleri hem estetik hem de i\u015flevsel avantajlar\u0131yla her t\u00fcrl\u00fc ya\u015fam ve \u00e7al\u0131\u015fma alan\u0131nda kullan\u0131labilir. <strong>S\u0131va \u00fcst\u00fc downlight nedir<\/strong>, <strong>s\u0131va \u00fcst\u00fc downlight \u00f6zellikleri<\/strong> ve kullan\u0131m alanlar\u0131 hakk\u0131nda verdi\u011fimiz bilgiler, bu ayd\u0131nlatma \u00fcr\u00fcnlerinin neden bu kadar pop\u00fcler oldu\u011funu ortaya koyuyor. E\u011fer siz de hem \u015f\u0131k hem de enerji tasarruflu bir ayd\u0131nlatma \u00e7\u00f6z\u00fcm\u00fc ar\u0131yorsan\u0131z, s\u0131va \u00fcst\u00fc downlight \u00fcr\u00fcnlerini tercih ederek modern bir atmosfere kavu\u015fabilirsiniz.<\/p>\n","protected":false},"excerpt":{"rendered":"<p>Ayd\u0131nlatma sistemlerinde modern ve estetik \u00e7\u00f6z\u00fcmler ar\u0131yorsan\u0131z, s\u0131va \u00fcst\u00fc downlight \u00fcr\u00fcnleri dikkatinizi \u00e7ekebilir. Peki, s\u0131va \u00fcst\u00fc downlight nedir? Bu&#8230;<\/p>\n","protected":false},"author":1,"featured_media":1553,"comment_status":"open","ping_status":"open","sticky":false,"template":"","format":"standard","meta":{"_kad_blocks_custom_css":"","_kad_blocks_head_custom_js":"","_kad_blocks_body_custom_js":"","_kad_blocks_footer_custom_js":"","_kadence_starter_templates_imported_post":false,"_kad_post_transparent":"","_kad_post_title":"","_kad_post_layout":"","_kad_post_sidebar_id":"","_kad_post_content_style":"","_kad_post_vertical_padding":"","_kad_post_feature":"","_kad_post_feature_position":"","_kad_post_header":false,"_kad_post_footer":false,"footnotes":""},"categories":[1],"tags":[],"class_list":["post-1552","post","type-post","status-publish","format-standard","has-post-thumbnail","hentry","category-genel"],"taxonomy_info":{"category":[{"value":1,"label":"Genel"}]},"featured_image_src_large":["https:\/\/pelsan.com.tr\/blog\/wp-content\/uploads\/2025\/02\/Siva-Ustu-Downlight-1-1024x576.jpg",1024,576,true],"author_info":{"display_name":"Pelsan","author_link":"https:\/\/pelsan.com.tr\/blog\/author\/oscar\/"},"comment_info":0,"category_info":[{"term_id":1,"name":"Genel","slug":"genel","term_group":0,"term_taxonomy_id":1,"taxonomy":"category","description":"","parent":0,"count":73,"filter":"raw","cat_ID":1,"category_count":73,"category_description":"","cat_name":"Genel","category_nicename":"genel","category_parent":0}],"tag_info":false,"_links":{"self":[{"href":"https:\/\/pelsan.com.tr\/blog\/wp-json\/wp\/v2\/posts\/1552","targetHints":{"allow":["GET"]}}],"collection":[{"href":"https:\/\/pelsan.com.tr\/blog\/wp-json\/wp\/v2\/posts"}],"about":[{"href":"https:\/\/pelsan.com.tr\/blog\/wp-json\/wp\/v2\/types\/post"}],"author":[{"embeddable":true,"href":"https:\/\/pelsan.com.tr\/blog\/wp-json\/wp\/v2\/users\/1"}],"replies":[{"embeddable":true,"href":"https:\/\/pelsan.com.tr\/blog\/wp-json\/wp\/v2\/comments?post=1552"}],"version-history":[{"count":2,"href":"https:\/\/pelsan.com.tr\/blog\/wp-json\/wp\/v2\/posts\/1552\/revisions"}],"predecessor-version":[{"id":1561,"href":"https:\/\/pelsan.com.tr\/blog\/wp-json\/wp\/v2\/posts\/1552\/revisions\/1561"}],"wp:featuredmedia":[{"embeddable":true,"href":"https:\/\/pelsan.com.tr\/blog\/wp-json\/wp\/v2\/media\/1553"}],"wp:attachment":[{"href":"https:\/\/pelsan.com.tr\/blog\/wp-json\/wp\/v2\/media?parent=1552"}],"wp:term":[{"taxonomy":"category","embeddable":true,"href":"https:\/\/pelsan.com.tr\/blog\/wp-json\/wp\/v2\/categories?post=1552"},{"taxonomy":"post_tag","embeddable":true,"href":"https:\/\/pelsan.com.tr\/blog\/wp-json\/wp\/v2\/tags?post=1552"}],"curies":[{"name":"wp","href":"https:\/\/api.w.org\/{rel}","templated":true}]}}